{"id":115,"date":"2025-05-21T08:04:10","date_gmt":"2025-05-21T08:04:10","guid":{"rendered":"https:\/\/srlastg.wpenginepowered.com\/?p=115"},"modified":"2025-07-31T16:13:26","modified_gmt":"2025-07-31T16:13:26","slug":"2025-spring-into-summer-5k","status":"publish","type":"post","link":"https:\/\/srla.org\/es\/2025-spring-into-summer-5k\/","title":{"rendered":"5K de primavera a verano de 2025"},"content":{"rendered":"<p>\u00a1Fotos de la carrera Spring Into Summer 5K 2025! Fue muy divertido celebrar una temporada exitosa Y a nuestros graduados de \u00faltimo a\u00f1o en la carrera de Boyle Heights. Gracias a nuestros fot\u00f3grafos Andrew Castro, Ray Eason, Babak Ardalon y Rayanne Painter.<\/p>\n\n\n\n<p>Las siguientes fotos son cortes\u00eda de Andrew Castro.<\/p>\n\n\n\n<figure class=\"wp-block-gallery has-nested-images columns-default is-cropped wp-block-gallery-1 is-layout-flex wp-block-gallery-is-layout-flex\">\n<figure class=\"wp-block-image size-large\"><img fetchpriority=\"high\" decoding=\"async\" width=\"500\" height=\"625\" data-id=\"207\" src=\"https:\/\/srla.org\/wp-content\/uploads\/2025\/05\/1-1.jpg\" alt=\"SRLA Photo\" class=\"wp-image-207\" srcset=\"https:\/\/srla.org\/wp-content\/uploads\/2025\/05\/1-1.jpg 500w, https:\/\/srla.org\/wp-content\/uploads\/2025\/05\/1-1-240x300.jpg 240w\" sizes=\"(max-width: 500px) 100vw, 500px\" \/><\/figure>\n\n\n\n<figure class=\"wp-block-image size-large\"><img decoding=\"async\" width=\"500\" height=\"625\" data-id=\"209\" src=\"https:\/\/srla.org\/wp-content\/uploads\/2025\/05\/2.jpg\" alt=\"SRLA Photo\" class=\"wp-image-209\" srcset=\"https:\/\/srla.org\/wp-content\/uploads\/2025\/05\/2.jpg 500w, https:\/\/srla.org\/wp-content\/uploads\/2025\/05\/2-240x300.jpg 240w\" sizes=\"(max-width: 500px) 100vw, 500px\" \/><\/figure>\n\n\n\n<figure class=\"wp-block-image size-large\"><img decoding=\"async\" width=\"500\" height=\"625\" data-id=\"206\" src=\"https:\/\/srla.org\/wp-content\/uploads\/2025\/05\/3.jpg\" alt=\"SRLA Photo\" class=\"wp-image-206\" srcset=\"https:\/\/srla.org\/wp-content\/uploads\/2025\/05\/3.jpg 500w, https:\/\/srla.org\/wp-content\/uploads\/2025\/05\/3-240x300.jpg 240w\" sizes=\"(max-width: 500px) 100vw, 500px\" \/><\/figure>\n\n\n\n<figure class=\"wp-block-image size-large\"><img loading=\"lazy\" decoding=\"async\" width=\"500\" height=\"625\" data-id=\"208\" src=\"https:\/\/srla.org\/wp-content\/uploads\/2025\/05\/4.jpg\" alt=\"SRLA Photo\" class=\"wp-image-208\" srcset=\"https:\/\/srla.org\/wp-content\/uploads\/2025\/05\/4.jpg 500w, https:\/\/srla.org\/wp-content\/uploads\/2025\/05\/4-240x300.jpg 240w\" sizes=\"(max-width: 500px) 100vw, 500px\" \/><\/figure>\n<\/figure>","protected":false},"excerpt":{"rendered":"<p>\u00a1Fotos de la carrera Spring Into Summer 5K 2025! Fue muy divertido celebrar una temporada exitosa Y a nuestros estudiantes de \u00faltimo a\u00f1o que se grad\u00faan en la carrera de Boyle Heights. Gracias a nuestros fot\u00f3grafos Andrew Castro, Ray Eason, Babak Ardalon y Rayanne Painter. Las siguientes fotos son cortes\u00eda de Andrew Castro.<\/p>","protected":false},"author":2,"featured_media":177,"comment_status":"closed","ping_status":"closed","sticky":false,"template":"","format":"standard","meta":{"give_campaign_id":0,"footnotes":""},"categories":[9],"tags":[],"class_list":["post-115","post","type-post","status-publish","format-standard","has-post-thumbnail","hentry","category-blog-posts"],"yoast_head":"<!-- This site is optimized with the Yoast SEO Premium plugin v27.1 (Yoast SEO v27.5) - https:\/\/yoast.com\/product\/yoast-seo-premium-wordpress\/ -->\n<title>2025 Spring Into Summer 5K - Students Run LA<\/title>\n<meta name=\"robots\" content=\"noindex, follow\" \/>\n<meta property=\"og:locale\" content=\"es_MX\" \/>\n<meta property=\"og:type\" content=\"article\" \/>\n<meta property=\"og:title\" content=\"2025 Spring Into Summer 5K\" \/>\n<meta property=\"og:description\" content=\"Photos from the 2025 Spring Into Summer 5K! So fun to celebrate a successful season AND our graduating seniors at the Boyle Heights race. Thanks to our photographers Andrew Castro, Ray Eason, Babak Ardalon, and Rayanne Painter. The below photos are courtesy of Andrew Castro.\" \/>\n<meta property=\"og:url\" content=\"https:\/\/srla.org\/es\/2025-spring-into-summer-5k\/\" \/>\n<meta property=\"og:site_name\" content=\"Students Run LA\" \/>\n<meta property=\"article:publisher\" content=\"https:\/\/www.facebook.com\/StudentsRunLA\" \/>\n<meta property=\"article:published_time\" content=\"2025-05-21T08:04:10+00:00\" \/>\n<meta property=\"article:modified_time\" content=\"2025-07-31T16:13:26+00:00\" \/>\n<meta property=\"og:image\" content=\"https:\/\/srla.org\/wp-content\/uploads\/2025\/05\/1.jpg\" \/>\n\t<meta property=\"og:image:width\" content=\"750\" \/>\n\t<meta property=\"og:image:height\" content=\"563\" \/>\n\t<meta property=\"og:image:type\" content=\"image\/jpeg\" \/>\n<meta name=\"author\" content=\"gpiacentino\" \/>\n<meta name=\"twitter:card\" content=\"summary_large_image\" \/>\n<meta name=\"twitter:label1\" content=\"Written by\" \/>\n\t<meta name=\"twitter:data1\" content=\"gpiacentino\" \/>\n\t<meta name=\"twitter:label2\" content=\"Est. reading time\" \/>\n\t<meta name=\"twitter:data2\" content=\"2 minutos\" \/>\n<script type=\"application\/ld+json\" class=\"yoast-schema-graph\">{\"@context\":\"https:\\\/\\\/schema.org\",\"@graph\":[{\"@type\":\"Article\",\"@id\":\"https:\\\/\\\/srla.org\\\/2025-spring-into-summer-5k\\\/#article\",\"isPartOf\":{\"@id\":\"https:\\\/\\\/srla.org\\\/2025-spring-into-summer-5k\\\/\"},\"author\":{\"name\":\"gpiacentino\",\"@id\":\"https:\\\/\\\/srla.org\\\/en\\\/#\\\/schema\\\/person\\\/0b30c8265bb69c0f02c3e0e533752a3c\"},\"headline\":\"2025 Spring Into Summer 5K\",\"datePublished\":\"2025-05-21T08:04:10+00:00\",\"dateModified\":\"2025-07-31T16:13:26+00:00\",\"mainEntityOfPage\":{\"@id\":\"https:\\\/\\\/srla.org\\\/2025-spring-into-summer-5k\\\/\"},\"wordCount\":48,\"publisher\":{\"@id\":\"https:\\\/\\\/srla.org\\\/en\\\/#organization\"},\"image\":{\"@id\":\"https:\\\/\\\/srla.org\\\/2025-spring-into-summer-5k\\\/#primaryimage\"},\"thumbnailUrl\":\"https:\\\/\\\/srla.org\\\/wp-content\\\/uploads\\\/2025\\\/05\\\/1.jpg\",\"articleSection\":[\"SRLA Blog\"],\"inLanguage\":\"es\"},{\"@type\":\"WebPage\",\"@id\":\"https:\\\/\\\/srla.org\\\/2025-spring-into-summer-5k\\\/\",\"url\":\"https:\\\/\\\/srla.org\\\/2025-spring-into-summer-5k\\\/\",\"name\":\"2025 Spring Into Summer 5K - Students Run LA\",\"isPartOf\":{\"@id\":\"https:\\\/\\\/srla.org\\\/en\\\/#website\"},\"primaryImageOfPage\":{\"@id\":\"https:\\\/\\\/srla.org\\\/2025-spring-into-summer-5k\\\/#primaryimage\"},\"image\":{\"@id\":\"https:\\\/\\\/srla.org\\\/2025-spring-into-summer-5k\\\/#primaryimage\"},\"thumbnailUrl\":\"https:\\\/\\\/srla.org\\\/wp-content\\\/uploads\\\/2025\\\/05\\\/1.jpg\",\"datePublished\":\"2025-05-21T08:04:10+00:00\",\"dateModified\":\"2025-07-31T16:13:26+00:00\",\"breadcrumb\":{\"@id\":\"https:\\\/\\\/srla.org\\\/2025-spring-into-summer-5k\\\/#breadcrumb\"},\"inLanguage\":\"es\",\"potentialAction\":[{\"@type\":\"ReadAction\",\"target\":[\"https:\\\/\\\/srla.org\\\/2025-spring-into-summer-5k\\\/\"]}]},{\"@type\":\"ImageObject\",\"inLanguage\":\"es\",\"@id\":\"https:\\\/\\\/srla.org\\\/2025-spring-into-summer-5k\\\/#primaryimage\",\"url\":\"https:\\\/\\\/srla.org\\\/wp-content\\\/uploads\\\/2025\\\/05\\\/1.jpg\",\"contentUrl\":\"https:\\\/\\\/srla.org\\\/wp-content\\\/uploads\\\/2025\\\/05\\\/1.jpg\",\"width\":750,\"height\":563,\"caption\":\"SRLA Photo\"},{\"@type\":\"BreadcrumbList\",\"@id\":\"https:\\\/\\\/srla.org\\\/2025-spring-into-summer-5k\\\/#breadcrumb\",\"itemListElement\":[{\"@type\":\"ListItem\",\"position\":1,\"name\":\"Home\",\"item\":\"https:\\\/\\\/srla.org\\\/\"},{\"@type\":\"ListItem\",\"position\":2,\"name\":\"2025 Spring Into Summer 5K\"}]},{\"@type\":\"WebSite\",\"@id\":\"https:\\\/\\\/srla.org\\\/en\\\/#website\",\"url\":\"https:\\\/\\\/srla.org\\\/en\\\/\",\"name\":\"Students Run LA\",\"description\":\"SRLA helps at-risk secondary students.\",\"publisher\":{\"@id\":\"https:\\\/\\\/srla.org\\\/en\\\/#organization\"},\"potentialAction\":[{\"@type\":\"SearchAction\",\"target\":{\"@type\":\"EntryPoint\",\"urlTemplate\":\"https:\\\/\\\/srla.org\\\/en\\\/?s={search_term_string}\"},\"query-input\":{\"@type\":\"PropertyValueSpecification\",\"valueRequired\":true,\"valueName\":\"search_term_string\"}}],\"inLanguage\":\"es\"},{\"@type\":\"Organization\",\"@id\":\"https:\\\/\\\/srla.org\\\/en\\\/#organization\",\"name\":\"Students Run LA\",\"url\":\"https:\\\/\\\/srla.org\\\/en\\\/\",\"logo\":{\"@type\":\"ImageObject\",\"inLanguage\":\"es\",\"@id\":\"https:\\\/\\\/srla.org\\\/en\\\/#\\\/schema\\\/logo\\\/image\\\/\",\"url\":\"https:\\\/\\\/srla.org\\\/wp-content\\\/uploads\\\/2025\\\/07\\\/srla_logo_metadata.png\",\"contentUrl\":\"https:\\\/\\\/srla.org\\\/wp-content\\\/uploads\\\/2025\\\/07\\\/srla_logo_metadata.png\",\"width\":696,\"height\":696,\"caption\":\"Students Run LA\"},\"image\":{\"@id\":\"https:\\\/\\\/srla.org\\\/en\\\/#\\\/schema\\\/logo\\\/image\\\/\"},\"sameAs\":[\"https:\\\/\\\/www.facebook.com\\\/StudentsRunLA\",\"https:\\\/\\\/www.linkedin.com\\\/company\\\/students-run-la\\\/\",\"https:\\\/\\\/www.tiktok.com\\\/@studentsrunla_srla\"]},{\"@type\":\"Person\",\"@id\":\"https:\\\/\\\/srla.org\\\/en\\\/#\\\/schema\\\/person\\\/0b30c8265bb69c0f02c3e0e533752a3c\",\"name\":\"gpiacentino\"}]}<\/script>\n<!-- \/ Yoast SEO Premium plugin. -->","yoast_head_json":{"title":"2025 Spring Into Summer 5K - Students Run LA","robots":{"index":"noindex","follow":"follow"},"og_locale":"es_MX","og_type":"article","og_title":"2025 Spring Into Summer 5K","og_description":"Photos from the 2025 Spring Into Summer 5K! So fun to celebrate a successful season AND our graduating seniors at the Boyle Heights race. Thanks to our photographers Andrew Castro, Ray Eason, Babak Ardalon, and Rayanne Painter. The below photos are courtesy of Andrew Castro.","og_url":"https:\/\/srla.org\/es\/2025-spring-into-summer-5k\/","og_site_name":"Students Run LA","article_publisher":"https:\/\/www.facebook.com\/StudentsRunLA","article_published_time":"2025-05-21T08:04:10+00:00","article_modified_time":"2025-07-31T16:13:26+00:00","og_image":[{"width":750,"height":563,"url":"https:\/\/srla.org\/wp-content\/uploads\/2025\/05\/1.jpg","type":"image\/jpeg"}],"author":"gpiacentino","twitter_card":"summary_large_image","twitter_misc":{"Written by":"gpiacentino","Est. reading time":"2 minutos"},"schema":{"@context":"https:\/\/schema.org","@graph":[{"@type":"Article","@id":"https:\/\/srla.org\/2025-spring-into-summer-5k\/#article","isPartOf":{"@id":"https:\/\/srla.org\/2025-spring-into-summer-5k\/"},"author":{"name":"gpiacentino","@id":"https:\/\/srla.org\/en\/#\/schema\/person\/0b30c8265bb69c0f02c3e0e533752a3c"},"headline":"2025 Spring Into Summer 5K","datePublished":"2025-05-21T08:04:10+00:00","dateModified":"2025-07-31T16:13:26+00:00","mainEntityOfPage":{"@id":"https:\/\/srla.org\/2025-spring-into-summer-5k\/"},"wordCount":48,"publisher":{"@id":"https:\/\/srla.org\/en\/#organization"},"image":{"@id":"https:\/\/srla.org\/2025-spring-into-summer-5k\/#primaryimage"},"thumbnailUrl":"https:\/\/srla.org\/wp-content\/uploads\/2025\/05\/1.jpg","articleSection":["SRLA Blog"],"inLanguage":"es"},{"@type":"WebPage","@id":"https:\/\/srla.org\/2025-spring-into-summer-5k\/","url":"https:\/\/srla.org\/2025-spring-into-summer-5k\/","name":"2025 Spring Into Summer 5K - Students Run LA","isPartOf":{"@id":"https:\/\/srla.org\/en\/#website"},"primaryImageOfPage":{"@id":"https:\/\/srla.org\/2025-spring-into-summer-5k\/#primaryimage"},"image":{"@id":"https:\/\/srla.org\/2025-spring-into-summer-5k\/#primaryimage"},"thumbnailUrl":"https:\/\/srla.org\/wp-content\/uploads\/2025\/05\/1.jpg","datePublished":"2025-05-21T08:04:10+00:00","dateModified":"2025-07-31T16:13:26+00:00","breadcrumb":{"@id":"https:\/\/srla.org\/2025-spring-into-summer-5k\/#breadcrumb"},"inLanguage":"es","potentialAction":[{"@type":"ReadAction","target":["https:\/\/srla.org\/2025-spring-into-summer-5k\/"]}]},{"@type":"ImageObject","inLanguage":"es","@id":"https:\/\/srla.org\/2025-spring-into-summer-5k\/#primaryimage","url":"https:\/\/srla.org\/wp-content\/uploads\/2025\/05\/1.jpg","contentUrl":"https:\/\/srla.org\/wp-content\/uploads\/2025\/05\/1.jpg","width":750,"height":563,"caption":"SRLA Photo"},{"@type":"BreadcrumbList","@id":"https:\/\/srla.org\/2025-spring-into-summer-5k\/#breadcrumb","itemListElement":[{"@type":"ListItem","position":1,"name":"Home","item":"https:\/\/srla.org\/"},{"@type":"ListItem","position":2,"name":"2025 Spring Into Summer 5K"}]},{"@type":"WebSite","@id":"https:\/\/srla.org\/en\/#website","url":"https:\/\/srla.org\/en\/","name":"Los estudiantes dirigen Los \u00c1ngeles","description":"SRLA ayuda a los estudiantes de secundaria en situaci\u00f3n de riesgo.","publisher":{"@id":"https:\/\/srla.org\/en\/#organization"},"potentialAction":[{"@type":"SearchAction","target":{"@type":"EntryPoint","urlTemplate":"https:\/\/srla.org\/en\/?s={search_term_string}"},"query-input":{"@type":"PropertyValueSpecification","valueRequired":true,"valueName":"search_term_string"}}],"inLanguage":"es"},{"@type":"Organization","@id":"https:\/\/srla.org\/en\/#organization","name":"Los estudiantes dirigen Los \u00c1ngeles","url":"https:\/\/srla.org\/en\/","logo":{"@type":"ImageObject","inLanguage":"es","@id":"https:\/\/srla.org\/en\/#\/schema\/logo\/image\/","url":"https:\/\/srla.org\/wp-content\/uploads\/2025\/07\/srla_logo_metadata.png","contentUrl":"https:\/\/srla.org\/wp-content\/uploads\/2025\/07\/srla_logo_metadata.png","width":696,"height":696,"caption":"Students Run LA"},"image":{"@id":"https:\/\/srla.org\/en\/#\/schema\/logo\/image\/"},"sameAs":["https:\/\/www.facebook.com\/StudentsRunLA","https:\/\/www.linkedin.com\/company\/students-run-la\/","https:\/\/www.tiktok.com\/@studentsrunla_srla"]},{"@type":"Person","@id":"https:\/\/srla.org\/en\/#\/schema\/person\/0b30c8265bb69c0f02c3e0e533752a3c","name":"gpiacentino"}]}},"_links":{"self":[{"href":"https:\/\/srla.org\/es\/wp-json\/wp\/v2\/posts\/115","targetHints":{"allow":["GET"]}}],"collection":[{"href":"https:\/\/srla.org\/es\/wp-json\/wp\/v2\/posts"}],"about":[{"href":"https:\/\/srla.org\/es\/wp-json\/wp\/v2\/types\/post"}],"author":[{"embeddable":true,"href":"https:\/\/srla.org\/es\/wp-json\/wp\/v2\/users\/2"}],"replies":[{"embeddable":true,"href":"https:\/\/srla.org\/es\/wp-json\/wp\/v2\/comments?post=115"}],"version-history":[{"count":0,"href":"https:\/\/srla.org\/es\/wp-json\/wp\/v2\/posts\/115\/revisions"}],"wp:featuredmedia":[{"embeddable":true,"href":"https:\/\/srla.org\/es\/wp-json\/wp\/v2\/media\/177"}],"wp:attachment":[{"href":"https:\/\/srla.org\/es\/wp-json\/wp\/v2\/media?parent=115"}],"wp:term":[{"taxonomy":"category","embeddable":true,"href":"https:\/\/srla.org\/es\/wp-json\/wp\/v2\/categories?post=115"},{"taxonomy":"post_tag","embeddable":true,"href":"https:\/\/srla.org\/es\/wp-json\/wp\/v2\/tags?post=115"}],"curies":[{"name":"wp","href":"https:\/\/api.w.org\/{rel}","templated":true}]}}